{"id":318178,"date":"2025-10-10T12:25:18","date_gmt":"2025-10-10T10:25:18","guid":{"rendered":"https:\/\/noticias.karingana.co.mz\/?p=318178"},"modified":"2025-10-10T12:25:20","modified_gmt":"2025-10-10T10:25:20","slug":"mocambique-regista-baixo-armazenamento-de-agua","status":"publish","type":"post","link":"https:\/\/noticias.karingana.co.mz\/index.php\/2025\/10\/10\/mocambique-regista-baixo-armazenamento-de-agua\/","title":{"rendered":"<span class=\"pc-premium-post text\"><\/span>Mo\u00e7ambique regista baixo armazenamento de \u00e1gua"},"content":{"rendered":"<p><a href=\"https:\/\/opais.co.mz\/mocambique-regista-baixo-armazenamento-de-agua\/#:~:text=Mo%C3%A7ambique%20regista%20baixo%20armazenamento%20de%20%C3%A1gua\">O pais<\/a><\/p><div class=\"penci-truncate-btn\"><div class=\"penci_btn_wrapper\"><div class=\"penci_subscribe\">\n\t\t\t\t\t<div class=\"penci_btn_inner_wrapper\">\n\t\t\t\t\t\t<h3>Subscrever<\/h3>\n\t\t\t\t\t\t<span>Tenha acesso completo a nossa Revista de Imprensa. <strong>Receba em primeira m\u00e3o as not\u00edcias relevantes para o seu neg\u00f3cio!<\/strong><\/span>\n\t\t\t\t\t\t<div class=\"btn_wrapper\">\n\t\t\t\t\t\t\t<a href=\"#\" class=\"btn\">Subscrever agora<\/a>\n\t\t\t\t\t\t<\/div>\n\t\t\t\t\t<\/div>\n\t\t\t\t<\/div><\/div><\/div>","protected":false},"excerpt":{"rendered":"<p>O pais Subscrever Tenha acesso completo a nossa Revista de Imprensa. Receba em primeira m\u00e3o as not\u00edcias relevantes para o seu neg\u00f3cio! Subscrever agora<\/p>\n","protected":false},"author":3,"featured_media":318197,"comment_status":"open","ping_status":"open","sticky":false,"template":"","format":"standard","meta":{"_lmt_disableupdate":"","_lmt_disable":"","footnotes":""},"categories":[42,36],"tags":[],"class_list":["post-318178","post","type-post","status-publish","format-standard","has-post-thumbnail","hentry","category-destaque","category-sociedade"],"_links":{"self":[{"href":"https:\/\/noticias.karingana.co.mz\/index.php\/wp-json\/wp\/v2\/posts\/318178","targetHints":{"allow":["GET"]}}],"collection":[{"href":"https:\/\/noticias.karingana.co.mz\/index.php\/wp-json\/wp\/v2\/posts"}],"about":[{"href":"https:\/\/noticias.karingana.co.mz\/index.php\/wp-json\/wp\/v2\/types\/post"}],"author":[{"embeddable":true,"href":"https:\/\/noticias.karingana.co.mz\/index.php\/wp-json\/wp\/v2\/users\/3"}],"replies":[{"embeddable":true,"href":"https:\/\/noticias.karingana.co.mz\/index.php\/wp-json\/wp\/v2\/comments?post=318178"}],"version-history":[{"count":1,"href":"https:\/\/noticias.karingana.co.mz\/index.php\/wp-json\/wp\/v2\/posts\/318178\/revisions"}],"predecessor-version":[{"id":318198,"href":"https:\/\/noticias.karingana.co.mz\/index.php\/wp-json\/wp\/v2\/posts\/318178\/revisions\/318198"}],"wp:featuredmedia":[{"embeddable":true,"href":"https:\/\/noticias.karingana.co.mz\/index.php\/wp-json\/wp\/v2\/media\/318197"}],"wp:attachment":[{"href":"https:\/\/noticias.karingana.co.mz\/index.php\/wp-json\/wp\/v2\/media?parent=318178"}],"wp:term":[{"taxonomy":"category","embeddable":true,"href":"https:\/\/noticias.karingana.co.mz\/index.php\/wp-json\/wp\/v2\/categories?post=318178"},{"taxonomy":"post_tag","embeddable":true,"href":"https:\/\/noticias.karingana.co.mz\/index.php\/wp-json\/wp\/v2\/tags?post=318178"}],"curies":[{"name":"wp","href":"https:\/\/api.w.org\/{rel}","templated":true}]}}